{"id":86,"date":"2023-05-02T18:25:32","date_gmt":"2023-05-02T16:25:32","guid":{"rendered":"http:\/\/46.246.38.222\/?p=86"},"modified":"2024-06-12T15:58:26","modified_gmt":"2024-06-12T13:58:26","slug":"kallelse-till-arsmote-2019","status":"publish","type":"post","link":"https:\/\/sanktmanslyckan.se\/?p=86","title":{"rendered":"Kallelse till \u00e5rsm\u00f6te 2023"},"content":{"rendered":"\n<h3 class=\"wp-block-heading\">Medlemmarna i Kolonif\u00f6reningen S:t M\u00e5nslyckan kallas till \u00e5rsm\u00f6te s\u00f6ndagen den 11 juni klockan 13<\/h3>\n\n\n\n<p>Imorgon, 11 juni, \u00e4r det \u00e5rsm\u00f6te f\u00f6r alla medlemmar i f\u00f6reningen. Vi ses i paviljongen kl 13. Det bjuds p\u00e5 kaffe och kaka i samband med m\u00f6tet (ta g\u00e4rna med egen mugg) och efter\u00e5t har vi en liten mindre st\u00e4ddag. Det blev s\u00e5 fint efter v\u00e5rst\u00e4dningen s\u00e5 det \u00e4r mest finputsning som g\u00e4ller. V\u00e4l m\u00f6tt!<\/p>\n\n\n\n<p><\/p>\n\n\n\n<p><em>Styrelsen<\/em><\/p>\n","protected":false},"excerpt":{"rendered":"<p>Medlemmarna i Kolonif\u00f6reningen S:t M\u00e5nslyckan kallas till \u00e5rsm\u00f6te s\u00f6ndagen den 11 juni klockan 13 Imorgon, 11 juni, \u00e4r det \u00e5rsm\u00f6te f\u00f6r alla medlemmar i f\u00f6reningen. Vi ses i paviljongen kl 13. Det bjuds p\u00e5 kaffe och kaka i samband med m\u00f6tet (ta g\u00e4rna med egen mugg) och efter\u00e5t har vi en liten mindre st\u00e4ddag. Det&hellip; <a class=\"more-link\" href=\"https:\/\/sanktmanslyckan.se\/?p=86\">Forts\u00e4tt l\u00e4sa <span class=\"screen-reader-text\">Kallelse till \u00e5rsm\u00f6te 2023<\/span><\/a><\/p>\n","protected":false},"author":3,"featured_media":0,"comment_status":"closed","ping_status":"closed","sticky":false,"template":"","format":"standard","meta":{"footnotes":""},"categories":[],"tags":[],"class_list":["post-86","post","type-post","status-publish","format-standard","hentry","entry"],"_links":{"self":[{"href":"https:\/\/sanktmanslyckan.se\/index.php?rest_route=\/wp\/v2\/posts\/86","targetHints":{"allow":["GET"]}}],"collection":[{"href":"https:\/\/sanktmanslyckan.se\/index.php?rest_route=\/wp\/v2\/posts"}],"about":[{"href":"https:\/\/sanktmanslyckan.se\/index.php?rest_route=\/wp\/v2\/types\/post"}],"author":[{"embeddable":true,"href":"https:\/\/sanktmanslyckan.se\/index.php?rest_route=\/wp\/v2\/users\/3"}],"replies":[{"embeddable":true,"href":"https:\/\/sanktmanslyckan.se\/index.php?rest_route=%2Fwp%2Fv2%2Fcomments&post=86"}],"version-history":[{"count":4,"href":"https:\/\/sanktmanslyckan.se\/index.php?rest_route=\/wp\/v2\/posts\/86\/revisions"}],"predecessor-version":[{"id":301,"href":"https:\/\/sanktmanslyckan.se\/index.php?rest_route=\/wp\/v2\/posts\/86\/revisions\/301"}],"wp:attachment":[{"href":"https:\/\/sanktmanslyckan.se\/index.php?rest_route=%2Fwp%2Fv2%2Fmedia&parent=86"}],"wp:term":[{"taxonomy":"category","embeddable":true,"href":"https:\/\/sanktmanslyckan.se\/index.php?rest_route=%2Fwp%2Fv2%2Fcategories&post=86"},{"taxonomy":"post_tag","embeddable":true,"href":"https:\/\/sanktmanslyckan.se\/index.php?rest_route=%2Fwp%2Fv2%2Ftags&post=86"}],"curies":[{"name":"wp","href":"https:\/\/api.w.org\/{rel}","templated":true}]}}